{"id":613,"date":"2021-02-12T10:54:27","date_gmt":"2021-02-12T09:54:27","guid":{"rendered":"http:\/\/desvies.trevora.fr\/?p=613"},"modified":"2021-02-12T10:54:27","modified_gmt":"2021-02-12T09:54:27","slug":"resilience","status":"publish","type":"post","link":"http:\/\/desvies.trevora.fr\/index.php\/2021\/02\/12\/resilience\/","title":{"rendered":"RESILIENCE"},"content":{"rendered":"\n<figure class=\"wp-block-image size-large\"><a href=\"https:\/\/wiseband.lnk.to\/des-vies-resilience\" target=\"_blank\" rel=\"noopener\"><img decoding=\"async\" src=\"http:\/\/desvies.trevora.fr\/wp-content\/uploads\/2021\/02\/02-Des-Vies-Resilience-1024x1024.jpg\" alt=\"\" class=\"wp-image-609\"\/><\/a><\/figure>\n\n\n\n<p>Le voyage continue,&nbsp;<\/p>\n\n\n\n<p>Mystique, Magique, Cinematique&#8230;&nbsp;<\/p>\n\n\n\n<p>Choisir la musique comme vecteur d&#8217;\u00e9motion , de m\u00e9ditation, de &#8220;reliance&#8221;,&nbsp;<\/p>\n\n\n\n<p>Comme un renouveau, une recherche au fond de soi, entre le visible et l\u2019invisible.<\/p>\n\n\n\n<p>Le nouvel album \u00ab&nbsp;RESILIENCE&nbsp;\u00bb tentera de traduire ces mots, ces emotions.&nbsp;<\/p>\n\n\n\n<p>Les morceaux vous emm\u00e8neront \u00e0 la d\u00e9couverte de nouvelles terres, d&#8217;\u00e9motions enfouies, de civilisations perdues &#8230;<\/p>\n\n\n\n<p>Un album pour voyager au travers d\u2019une musique mystique, quasiment spirituelle.<\/p>\n\n\n\n<p>Fermez les yeux, laissez vous guider par votre imagination.&nbsp;<\/p>\n\n\n\n<p> <\/p>\n\n\n\n<figure class=\"wp-block-embed is-type-rich is-provider-spotify wp-block-embed-spotify wp-embed-aspect-9-16 wp-has-aspect-ratio\"><div class=\"wp-block-embed__wrapper\">\n<iframe loading=\"lazy\" title=\"Spotify Embed: Resilience\" width=\"300\" height=\"380\" allowtransparency=\"true\" frameborder=\"0\" allow=\"encrypted-media\" src=\"https:\/\/open.spotify.com\/embed\/album\/7GEYyhg6UJvLE5OVfmX8nm?si=JsweyuW4Qw-SN-dcw-LduQ\"><\/iframe>\n<\/div><\/figure>\n","protected":false},"excerpt":{"rendered":"<p>Le voyage continue,&nbsp; Mystique, Magique, Cinematique&#8230;&nbsp; Choisir la musique comme vecteur d&#8217;\u00e9motion , de m\u00e9ditation, de &#8220;reliance&#8221;,&nbsp; Comme un renouveau, une recherche au fond de soi, entre le visible et l\u2019invisible. Le nouvel album \u00ab&nbsp;RESILIENCE&nbsp;\u00bb tentera de traduire ces mots, ces emotions.&nbsp; Les morceaux vous emm\u00e8neront \u00e0 la d\u00e9couverte de nouvelles terres, d&#8217;\u00e9motions enfouies, de [&hellip;]<\/p>\n","protected":false},"author":2,"featured_media":530,"comment_status":"open","ping_status":"open","sticky":false,"template":"","format":"standard","meta":{"om_disable_all_campaigns":false,"_monsterinsights_skip_tracking":false,"_monsterinsights_sitenote_active":false,"_monsterinsights_sitenote_note":"","_monsterinsights_sitenote_category":0,"footnotes":""},"categories":[1],"tags":[],"class_list":["post-613","post","type-post","status-publish","format-standard","has-post-thumbnail","hentry","category-non-classe"],"_links":{"self":[{"href":"http:\/\/desvies.trevora.fr\/index.php\/wp-json\/wp\/v2\/posts\/613","targetHints":{"allow":["GET"]}}],"collection":[{"href":"http:\/\/desvies.trevora.fr\/index.php\/wp-json\/wp\/v2\/posts"}],"about":[{"href":"http:\/\/desvies.trevora.fr\/index.php\/wp-json\/wp\/v2\/types\/post"}],"author":[{"embeddable":true,"href":"http:\/\/desvies.trevora.fr\/index.php\/wp-json\/wp\/v2\/users\/2"}],"replies":[{"embeddable":true,"href":"http:\/\/desvies.trevora.fr\/index.php\/wp-json\/wp\/v2\/comments?post=613"}],"version-history":[{"count":0,"href":"http:\/\/desvies.trevora.fr\/index.php\/wp-json\/wp\/v2\/posts\/613\/revisions"}],"wp:featuredmedia":[{"embeddable":true,"href":"http:\/\/desvies.trevora.fr\/index.php\/wp-json\/"}],"wp:attachment":[{"href":"http:\/\/desvies.trevora.fr\/index.php\/wp-json\/wp\/v2\/media?parent=613"}],"wp:term":[{"taxonomy":"category","embeddable":true,"href":"http:\/\/desvies.trevora.fr\/index.php\/wp-json\/wp\/v2\/categories?post=613"},{"taxonomy":"post_tag","embeddable":true,"href":"http:\/\/desvies.trevora.fr\/index.php\/wp-json\/wp\/v2\/tags?post=613"}],"curies":[{"name":"wp","href":"https:\/\/api.w.org\/{rel}","templated":true}]}}