{"id":372,"date":"2018-01-31T15:34:19","date_gmt":"2018-01-31T14:34:19","guid":{"rendered":"http:\/\/desvies.trevora.fr\/?p=372"},"modified":"2018-01-31T15:34:19","modified_gmt":"2018-01-31T14:34:19","slug":"indigo","status":"publish","type":"post","link":"http:\/\/desvies.trevora.fr\/index.php\/2018\/01\/31\/indigo\/","title":{"rendered":"INDIGO"},"content":{"rendered":"<p>INDIGO<\/p>\n<p>Le titre &#8220;indigo&#8221; a \u00e9t\u00e9 le point de d\u00e9part du projet musical &#8220;Des vies&#8221;.<\/p>\n<p>C&#8217;est \u00e0 la suite d&#8217;une discussion sur les enfants indigo, que cette composition est n\u00e9e.<\/p>\n<p>Sans doute un th\u00e8me musical qui reliera les m\u00e9ditations des enfants indigo dans ce monde.<\/p>\n<p>INDIGO est dans le premier album &#8220;Tome 1&#8221; sorti en septembre 2017 . Il est disponible sur toutes les plateformes de t\u00e9l\u00e9chargement et streaming sur ce <a href=\"http:\/\/www.hyperurl.co\/ape2tn\" target=\"_blank\" rel=\"noopener\">lien<\/a>.<\/p>\n<p>&nbsp;<\/p>\n<p><iframe loading=\"lazy\" title=\"Des Vies - INDIGO ( Audio ) musique pour m\u00e9diter - m\u00e9ditation - enfant indigo\" width=\"1230\" height=\"692\" src=\"https:\/\/www.youtube.com\/embed\/IXAs4DjY3Bc?feature=oembed\" frameborder=\"0\" allow=\"accelerometer; autoplay; clipboard-write; encrypted-media; gyroscope; picture-in-picture\" allowfullscreen><\/iframe><\/p>\n<p>&nbsp;<\/p>\n<p>Le titre &#8220;Indigo&#8221; a \u00e9t\u00e9 utilis\u00e9 par Christine Brossard dans sa vid\u00e9o &#8220;Pri\u00e8re pour l\u2019abondance &#8221; qui comptabilise plus de 62 000 vues disponible sur ce <a href=\"https:\/\/www.youtube.com\/watch?v=EAufn_-i-Mg&amp;t=70s\" target=\"_blank\" rel=\"noopener\">lien.<\/a><\/p>\n<p>Suivez le projet sur Spotify<br \/>\n<iframe loading=\"lazy\" src=\"https:\/\/open.spotify.com\/follow\/1\/?uri=spotify:artist:66JGIueCP7I5UhdiqeepJz&#038;size=detail&#038;theme=light&#038;show-count=0\" width=\"300\" height=\"56\" scrolling=\"no\" frameborder=\"0\" style=\"border:none; overflow:hidden;\" allowtransparency=\"true\"><\/iframe><\/p>\n","protected":false},"excerpt":{"rendered":"<p>INDIGO Le titre &#8220;indigo&#8221; a \u00e9t\u00e9 le point de d\u00e9part du projet musical &#8220;Des vies&#8221;. C&#8217;est \u00e0 la suite d&#8217;une discussion sur les enfants indigo, que cette composition est n\u00e9e. Sans doute un th\u00e8me musical qui reliera les m\u00e9ditations des enfants indigo dans ce monde. INDIGO est dans le premier album &#8220;Tome 1&#8221; sorti en [&hellip;]<\/p>\n","protected":false},"author":2,"featured_media":276,"comment_status":"open","ping_status":"open","sticky":false,"template":"","format":"standard","meta":{"om_disable_all_campaigns":false,"_monsterinsights_skip_tracking":false,"_monsterinsights_sitenote_active":false,"_monsterinsights_sitenote_note":"","_monsterinsights_sitenote_category":0,"footnotes":""},"categories":[2,8],"tags":[],"class_list":["post-372","post","type-post","status-publish","format-standard","has-post-thumbnail","hentry","category-articles","category-tome-1"],"_links":{"self":[{"href":"http:\/\/desvies.trevora.fr\/index.php\/wp-json\/wp\/v2\/posts\/372","targetHints":{"allow":["GET"]}}],"collection":[{"href":"http:\/\/desvies.trevora.fr\/index.php\/wp-json\/wp\/v2\/posts"}],"about":[{"href":"http:\/\/desvies.trevora.fr\/index.php\/wp-json\/wp\/v2\/types\/post"}],"author":[{"embeddable":true,"href":"http:\/\/desvies.trevora.fr\/index.php\/wp-json\/wp\/v2\/users\/2"}],"replies":[{"embeddable":true,"href":"http:\/\/desvies.trevora.fr\/index.php\/wp-json\/wp\/v2\/comments?post=372"}],"version-history":[{"count":0,"href":"http:\/\/desvies.trevora.fr\/index.php\/wp-json\/wp\/v2\/posts\/372\/revisions"}],"wp:featuredmedia":[{"embeddable":true,"href":"http:\/\/desvies.trevora.fr\/index.php\/wp-json\/"}],"wp:attachment":[{"href":"http:\/\/desvies.trevora.fr\/index.php\/wp-json\/wp\/v2\/media?parent=372"}],"wp:term":[{"taxonomy":"category","embeddable":true,"href":"http:\/\/desvies.trevora.fr\/index.php\/wp-json\/wp\/v2\/categories?post=372"},{"taxonomy":"post_tag","embeddable":true,"href":"http:\/\/desvies.trevora.fr\/index.php\/wp-json\/wp\/v2\/tags?post=372"}],"curies":[{"name":"wp","href":"https:\/\/api.w.org\/{rel}","templated":true}]}}